{"id":1549,"date":"2024-07-15T00:09:00","date_gmt":"2024-07-15T00:09:00","guid":{"rendered":"https:\/\/test-icubo.udd.cl?post_type=noticia&#038;p=1549"},"modified":"2025-08-25T00:11:52","modified_gmt":"2025-08-25T00:11:52","slug":"icubo-presento-publicacion-sobre-el-hub-metropolitano-en-concepcion","status":"publish","type":"noticia","link":"https:\/\/test-icubo.udd.cl\/index.php\/noticia\/icubo-presento-publicacion-sobre-el-hub-metropolitano-en-concepcion\/","title":{"rendered":"iCubo present\u00f3 publicaci\u00f3n sobre el Hub Metropolitano en Concepci\u00f3n"},"content":{"rendered":"","protected":false},"featured_media":1550,"template":"","meta":{"_acf_changed":true,"_et_pb_use_builder":"","_et_pb_old_content":"","_et_gb_content_width":""},"class_list":["post-1549","noticia","type-noticia","status-publish","has-post-thumbnail","hentry"],"acf":[],"_links":{"self":[{"href":"https:\/\/test-icubo.udd.cl\/index.php\/wp-json\/wp\/v2\/noticia\/1549","targetHints":{"allow":["GET"]}}],"collection":[{"href":"https:\/\/test-icubo.udd.cl\/index.php\/wp-json\/wp\/v2\/noticia"}],"about":[{"href":"https:\/\/test-icubo.udd.cl\/index.php\/wp-json\/wp\/v2\/types\/noticia"}],"wp:featuredmedia":[{"embeddable":true,"href":"https:\/\/test-icubo.udd.cl\/index.php\/wp-json\/wp\/v2\/media\/1550"}],"wp:attachment":[{"href":"https:\/\/test-icubo.udd.cl\/index.php\/wp-json\/wp\/v2\/media?parent=1549"}],"curies":[{"name":"wp","href":"https:\/\/api.w.org\/{rel}","templated":true}]}}